{"id":6748,"date":"2023-04-25T12:32:22","date_gmt":"2023-04-25T16:32:22","guid":{"rendered":"https:\/\/www.nocedal.cl\/wp\/?p=6748"},"modified":"2023-04-28T13:02:00","modified_gmt":"2023-04-28T17:02:00","slug":"bienvenida-a-nuestros-colaboradores","status":"publish","type":"post","link":"https:\/\/www.nocedal.cl\/wp\/bienvenida-a-nuestros-colaboradores\/","title":{"rendered":"Bienvenida a nuestros colaboradores"},"content":{"rendered":"\n<p>En una ceremonia que fue encabezada por Max Lemaitre, presidente de la Fundaci\u00f3n Nocedal, se dio la bienvenida a todos los colaboradores que se integran el 2023 al equipo de la Fundaci\u00f3n Nocedal. En las palabras del presidente se invit\u00f3 a los nuevos colaboradores a que \u201ceste trabajo no sea una experiencia m\u00e1s, sino que una instancia transformadora de sus vidas, y que todos trabajemos por un bien com\u00fan y de las familias de los ni\u00f1os\u201d.<\/p>\n\n\n\n<p>Tambi\u00e9n, durante la presentaci\u00f3n, se habl\u00f3 sobre el plan de formaci\u00f3n, la relaci\u00f3n de la Fundaci\u00f3n Nocedal con el Opus Dei, adem\u00e1s de mostrar y conocer m\u00e1s el ideario de la instituci\u00f3n.<\/p>\n\n\n\n<p>Luego de un rico c\u00f3ctel, preparado especialmente para los asistentes, se les dio un regalo a los nuevos colaboradores para que todos tengan presente a la Fundaci\u00f3n Nocedal, durante la jornada laboral y este a\u00f1o escolar que ya se inicia.<\/p>\n\n\n\n<p>\u00a1Sean todos muy bienvenidos!<\/p>\n\n\n\n<figure class=\"wp-block-image size-large\"><img loading=\"lazy\" decoding=\"async\" width=\"1024\" height=\"473\" src=\"https:\/\/www.nocedal.cl\/wp\/wp-content\/uploads\/2023\/04\/WhatsApp-Image-2023-04-25-at-12.26.03-1024x473.jpeg\" alt=\"\" class=\"wp-image-6750\" srcset=\"https:\/\/www.nocedal.cl\/wp\/wp-content\/uploads\/2023\/04\/WhatsApp-Image-2023-04-25-at-12.26.03-1024x473.jpeg 1024w, https:\/\/www.nocedal.cl\/wp\/wp-content\/uploads\/2023\/04\/WhatsApp-Image-2023-04-25-at-12.26.03-300x138.jpeg 300w, https:\/\/www.nocedal.cl\/wp\/wp-content\/uploads\/2023\/04\/WhatsApp-Image-2023-04-25-at-12.26.03-768x354.jpeg 768w, https:\/\/www.nocedal.cl\/wp\/wp-content\/uploads\/2023\/04\/WhatsApp-Image-2023-04-25-at-12.26.03-370x171.jpeg 370w, https:\/\/www.nocedal.cl\/wp\/wp-content\/uploads\/2023\/04\/WhatsApp-Image-2023-04-25-at-12.26.03-760x351.jpeg 760w, https:\/\/www.nocedal.cl\/wp\/wp-content\/uploads\/2023\/04\/WhatsApp-Image-2023-04-25-at-12.26.03.jpeg 1040w\" sizes=\"auto, (max-width: 1024px) 100vw, 1024px\" \/><\/figure>\n","protected":false},"excerpt":{"rendered":"<p>En una ceremonia que fue encabezada por Max Lemaitre, presidente de la Fundaci\u00f3n Nocedal, se dio la bienvenida a todos los colaboradores que se integran el 2023 al equipo de la Fundaci\u00f3n Nocedal. En las palabras del presidente se&hellip;<\/p>\n","protected":false},"author":1,"featured_media":6749,"comment_status":"open","ping_status":"open","sticky":false,"template":"","format":"standard","meta":{"footnotes":""},"categories":[74,11],"tags":[],"class_list":["post-6748","post","type-post","status-publish","format-standard","has-post-thumbnail","hentry","category-noticias","category-oceans"],"_links":{"self":[{"href":"https:\/\/www.nocedal.cl\/wp\/wp-json\/wp\/v2\/posts\/6748","targetHints":{"allow":["GET"]}}],"collection":[{"href":"https:\/\/www.nocedal.cl\/wp\/wp-json\/wp\/v2\/posts"}],"about":[{"href":"https:\/\/www.nocedal.cl\/wp\/wp-json\/wp\/v2\/types\/post"}],"author":[{"embeddable":true,"href":"https:\/\/www.nocedal.cl\/wp\/wp-json\/wp\/v2\/users\/1"}],"replies":[{"embeddable":true,"href":"https:\/\/www.nocedal.cl\/wp\/wp-json\/wp\/v2\/comments?post=6748"}],"version-history":[{"count":2,"href":"https:\/\/www.nocedal.cl\/wp\/wp-json\/wp\/v2\/posts\/6748\/revisions"}],"predecessor-version":[{"id":6874,"href":"https:\/\/www.nocedal.cl\/wp\/wp-json\/wp\/v2\/posts\/6748\/revisions\/6874"}],"wp:featuredmedia":[{"embeddable":true,"href":"https:\/\/www.nocedal.cl\/wp\/wp-json\/wp\/v2\/media\/6749"}],"wp:attachment":[{"href":"https:\/\/www.nocedal.cl\/wp\/wp-json\/wp\/v2\/media?parent=6748"}],"wp:term":[{"taxonomy":"category","embeddable":true,"href":"https:\/\/www.nocedal.cl\/wp\/wp-json\/wp\/v2\/categories?post=6748"},{"taxonomy":"post_tag","embeddable":true,"href":"https:\/\/www.nocedal.cl\/wp\/wp-json\/wp\/v2\/tags?post=6748"}],"curies":[{"name":"wp","href":"https:\/\/api.w.org\/{rel}","templated":true}]}}